{"id":1111,"date":"2021-08-13T14:00:42","date_gmt":"2021-08-13T20:00:42","guid":{"rendered":"https:\/\/alterna.live\/?p=1111"},"modified":"2021-08-07T23:03:24","modified_gmt":"2021-08-08T05:03:24","slug":"the-offsrping-despidio-a-su-baterista-por-no-vacunarse-contra-el-covid","status":"publish","type":"post","link":"https:\/\/alterna.live\/en\/the-offsrping-despidio-a-su-baterista-por-no-vacunarse-contra-el-covid\/","title":{"rendered":"The Offsrping despidi\u00f3 a su baterista por no vacunarse contra el COVID"},"content":{"rendered":"<p>Pete Parada, quien estuvo detr\u00e1s de los parches de la banda californiana desde el a\u00f1o 2007, insiste en que sufre reacciones adversas a las vacunas<\/p>\n<p><img fetchpriority=\"high\" decoding=\"async\" class=\"wp-image-1112 size-medium aligncenter\" src=\"https:\/\/alterna.live\/wp-content\/uploads\/2021\/08\/The-Offspring-2-300x200.jpg\" alt=\"\" width=\"300\" height=\"200\" srcset=\"https:\/\/alterna.live\/wp-content\/uploads\/2021\/08\/The-Offspring-2-300x200.jpg 300w, https:\/\/alterna.live\/wp-content\/uploads\/2021\/08\/The-Offspring-2-1024x683.jpg 1024w, https:\/\/alterna.live\/wp-content\/uploads\/2021\/08\/The-Offspring-2-768x512.jpg 768w, https:\/\/alterna.live\/wp-content\/uploads\/2021\/08\/The-Offspring-2.jpg 1200w\" sizes=\"(max-width: 300px) 100vw, 300px\" \/><\/p>\n<p>Al parecer, <strong>The Offspring<\/strong> ha decidido separarse de Pete Parada baterista del grupo, ante su negativa de vacunarse contra el COVID-19 por motivos m\u00e9dicos. Parada, quien se encuentra en la banda desde 2007, explic\u00f3 su salida en un comunicado extenso en Instagram, diciendo que su historial de salud y los consejos de su m\u00e9dico lo han llevado a tomar la decisi\u00f3n de no vacunarse en este momento. Y a\u00f1adi\u00f3 que, como resultado, el resto del grupo siente que es \u00abinseguro estar cerca, en el estudio y de gira\u00bb con \u00e9l.<\/p>\n<p>Recordemos que en abril de este a\u00f1o The Offspring lanz\u00f3 su \u00faltimo \u00e1lbum, <strong><em>Let the bad times roll<\/em><\/strong>, que marc\u00f3 su regreso al estudio en casi una d\u00e9cada, adem\u00e1s de ser el primer trabajo real de la banda en el que Parada toc\u00f3 la bater\u00eda en toda las canciones, habiendo aparecido anteriormente en solo cuatro de las pistas de <em><strong>Days go by<\/strong><\/em> de 2012.<\/p>\n<p>La extensa declaraci\u00f3n de Parada dice lo siguiente:\u00a0\u201c<em>Tengo una noticia desafortunada y dif\u00edcil que compartir. S\u00e9 que muchos de mis amigos cercanos y familiares hubieran preferido escuchar esto en privado primero, y me disculpo por la naturaleza p\u00fablica de mi revelaci\u00f3n, pero no s\u00e9 c\u00f3mo tener esta conversaci\u00f3n varias veces. Dado mi historial m\u00e9dico personal y el perfil de efectos secundarios de estos golpes, mi m\u00e9dico me ha aconsejado que no me vacune en este momento. Contraje el virus hace m\u00e1s de un a\u00f1o y fue leve para m\u00ed, as\u00ed que estoy seguro de que podr\u00eda manejarlo nuevamente, pero no estoy tan seguro de que sobrevivir\u00eda a otra ronda posterior a la vacunaci\u00f3n del s\u00edndrome de Guillain-Barr\u00e9, que se remonta a mi infancia y ha evolucionado para ser progresivamente peor a lo largo de mi vida<\/em>\u00ab.<\/p>\n<p>Y continu\u00f3: \u00ab<em>Desafortunadamente para m\u00ed (y para mi familia), los riesgos superan con creces los beneficios. Dado que no puedo cumplir con lo que se est\u00e1 convirtiendo cada vez m\u00e1s en un mandato de la industria, recientemente se ha decidido que no soy una persona segura para estar cerca, en el estudio y de gira. Menciono esto porque no me ver\u00e1n en estos pr\u00f3ximos shows. Tambi\u00e9n quiero compartir mi historia para que cualquier otra persona que est\u00e9 experimentando la agon\u00eda y el aislamiento de quedarse atr\u00e1s en este momento, sepa que no est\u00e1 completamente sola. No tengo sentimientos negativos hacia mi banda. Ellos est\u00e1n haciendo lo que creen que es mejor para ellos, mientras que yo hago lo mismo. Me duele el coraz\u00f3n no ver a mi comunidad de visitantes y extra\u00f1ar\u00e9 conectarme con los fans m\u00e1s de lo que puedo expresar con palabras<\/em>\u00ab.<\/p>","protected":false},"excerpt":{"rendered":"<p>Pete Parada, quien estuvo detr\u00e1s de los parches de la banda californiana desde el a\u00f1o 2007, insiste en que sufre reacciones adversas a las vacunas Al parecer, The Offspring ha decidido separarse de Pete Parada baterista del grupo, ante su negativa de vacunarse contra el COVID-19 por motivos m\u00e9dicos. Parada, quien se encuentra en la [&hellip;]<\/p>\n","protected":false},"author":1,"featured_media":1113,"comment_status":"open","ping_status":"open","sticky":false,"template":"","format":"standard","meta":{"site-sidebar-layout":"default","site-content-layout":"default","ast-site-content-layout":"default","site-content-style":"default","site-sidebar-style":"default","ast-global-header-display":"","ast-banner-title-visibility":"","ast-main-header-display":"","ast-hfb-above-header-display":"","ast-hfb-below-header-display":"","ast-hfb-mobile-header-display":"","site-post-title":"","ast-breadcrumbs-content":"","ast-featured-img":"","footer-sml-layout":"","ast-disable-related-posts":"","theme-transparent-header-meta":"default","adv-header-id-meta":"","stick-header-meta":"","header-above-stick-meta":"","header-main-stick-meta":"","header-below-stick-meta":"","astra-migrate-meta-layouts":"default","ast-page-background-enabled":"default","ast-page-background-meta":{"desktop":{"background-color":"","background-image":"","background-repeat":"repeat","background-position":"center center","background-size":"auto","background-attachment":"scroll","background-type":"","background-media":"","overlay-type":"","overlay-color":"","overlay-opacity":"","overlay-gradient":""},"tablet":{"background-color":"","background-image":"","background-repeat":"repeat","background-position":"center center","background-size":"auto","background-attachment":"scroll","background-type":"","background-media":"","overlay-type":"","overlay-color":"","overlay-opacity":"","overlay-gradient":""},"mobile":{"background-color":"","background-image":"","background-repeat":"repeat","background-position":"center center","background-size":"auto","background-attachment":"scroll","background-type":"","background-media":"","overlay-type":"","overlay-color":"","overlay-opacity":"","overlay-gradient":""}},"ast-content-background-meta":{"desktop":{"background-color":"var(--ast-global-color-5)","background-image":"","background-repeat":"repeat","background-position":"center center","background-size":"auto","background-attachment":"scroll","background-type":"","background-media":"","overlay-type":"","overlay-color":"","overlay-opacity":"","overlay-gradient":""},"tablet":{"background-color":"var(--ast-global-color-5)","background-image":"","background-repeat":"repeat","background-position":"center center","background-size":"auto","background-attachment":"scroll","background-type":"","background-media":"","overlay-type":"","overlay-color":"","overlay-opacity":"","overlay-gradient":""},"mobile":{"background-color":"var(--ast-global-color-5)","background-image":"","background-repeat":"repeat","background-position":"center center","background-size":"auto","background-attachment":"scroll","background-type":"","background-media":"","overlay-type":"","overlay-color":"","overlay-opacity":"","overlay-gradient":""}},"episode_type":"","audio_file":"","podmotor_file_id":"","podmotor_episode_id":"","cover_image":"","cover_image_id":"","duration":"","filesize":"","filesize_raw":"","date_recorded":"","explicit":"","block":"","itunes_episode_number":"","itunes_title":"","itunes_season_number":"","itunes_episode_type":"","footnotes":""},"categories":[23,21,28,22],"tags":[],"class_list":["post-1111","post","type-post","status-publish","format-standard","has-post-thumbnail","hentry","category-entretenimiento","category-musica","category-pop","category-rock"],"_links":{"self":[{"href":"https:\/\/alterna.live\/en\/wp-json\/wp\/v2\/posts\/1111","targetHints":{"allow":["GET"]}}],"collection":[{"href":"https:\/\/alterna.live\/en\/wp-json\/wp\/v2\/posts"}],"about":[{"href":"https:\/\/alterna.live\/en\/wp-json\/wp\/v2\/types\/post"}],"author":[{"embeddable":true,"href":"https:\/\/alterna.live\/en\/wp-json\/wp\/v2\/users\/1"}],"replies":[{"embeddable":true,"href":"https:\/\/alterna.live\/en\/wp-json\/wp\/v2\/comments?post=1111"}],"version-history":[{"count":1,"href":"https:\/\/alterna.live\/en\/wp-json\/wp\/v2\/posts\/1111\/revisions"}],"predecessor-version":[{"id":1114,"href":"https:\/\/alterna.live\/en\/wp-json\/wp\/v2\/posts\/1111\/revisions\/1114"}],"wp:featuredmedia":[{"embeddable":true,"href":"https:\/\/alterna.live\/en\/wp-json\/wp\/v2\/media\/1113"}],"wp:attachment":[{"href":"https:\/\/alterna.live\/en\/wp-json\/wp\/v2\/media?parent=1111"}],"wp:term":[{"taxonomy":"category","embeddable":true,"href":"https:\/\/alterna.live\/en\/wp-json\/wp\/v2\/categories?post=1111"},{"taxonomy":"post_tag","embeddable":true,"href":"https:\/\/alterna.live\/en\/wp-json\/wp\/v2\/tags?post=1111"}],"curies":[{"name":"wp","href":"https:\/\/api.w.org\/{rel}","templated":true}]}}