{"id":849,"date":"2021-06-02T16:00:22","date_gmt":"2021-06-02T22:00:22","guid":{"rendered":"https:\/\/alterna.live\/?p=849"},"modified":"2021-05-30T22:18:36","modified_gmt":"2021-05-31T04:18:36","slug":"benito-cerati-sobre-una-serie-acerca-de-su-padre","status":"publish","type":"post","link":"https:\/\/alterna.live\/en\/benito-cerati-sobre-una-serie-acerca-de-su-padre\/","title":{"rendered":"Benito Cerati sobre una serie acerca de su padre"},"content":{"rendered":"<p>\u00abSiento que a mi viejo no le gustar\u00eda que la hicieran\u00bb<\/p>\n<p><img fetchpriority=\"high\" decoding=\"async\" class=\"wp-image-850 size-medium aligncenter\" src=\"https:\/\/alterna.live\/wp-content\/uploads\/2021\/05\/cerati2-300x200.jpg\" alt=\"\" width=\"300\" height=\"200\" srcset=\"https:\/\/alterna.live\/wp-content\/uploads\/2021\/05\/cerati2-300x200.jpg 300w, https:\/\/alterna.live\/wp-content\/uploads\/2021\/05\/cerati2.jpg 768w\" sizes=\"(max-width: 300px) 100vw, 300px\" \/><\/p>\n<p>Hace unos d\u00edas,\u00a0Benito Cerati\u00a0estuvo como invitado en el programa de Jey Mamm\u00f3n y revel\u00f3 que no le gustar\u00eda que hagan una serie sobre su padre.<\/p>\n<p>El joven se sent\u00f3 en el sill\u00f3n de\u00a0Los Mammones\u00a0para recorrer parte de su infancia y su adolescencia, haciendo hincapi\u00e9 en el v\u00ednculo que ten\u00eda con su padre.<\/p>\n<p><em>\u00abYo fui bastante naif. Hac\u00eda mi m\u00fasica y no me enteraba de lo que se comentaba afuera, no porque no me importase pero porque yo no sol\u00eda tener contacto con el exterior. Era mi vida, mis amigos. [&#8230;] Mi pap\u00e1 era mi pap\u00e1, hac\u00eda muy buena m\u00fasica [&#8230;] pero yo separaba las cosas\u00bb.<\/em><\/p>\n<p>Consultado acerca de si permitir\u00eda que hagan una serie sobre su padre, Benito respondi\u00f3:\u00a0<em>\u00ab<\/em><em>No me suelen gustar las biopic y siento que a mi viejo tampoco le gustar\u00eda que la hicieran, es como demasiado especial para que lo haga otra persona\u00bb<\/em>. Adem\u00e1s, afirm\u00f3 que \u00e9l no podr\u00eda interpretar a su padre.<\/p>\n","protected":false},"excerpt":{"rendered":"<p>\u00abSiento que a mi viejo no le gustar\u00eda que la hicieran\u00bb Hace unos d\u00edas,\u00a0Benito Cerati\u00a0estuvo como invitado en el programa de Jey Mamm\u00f3n y revel\u00f3 que no le gustar\u00eda que hagan una serie sobre su padre. El joven se sent\u00f3 en el sill\u00f3n de\u00a0Los Mammones\u00a0para recorrer parte de su infancia y su adolescencia, haciendo hincapi\u00e9 [&hellip;]<\/p>\n","protected":false},"author":1,"featured_media":851,"comment_status":"open","ping_status":"open","sticky":false,"template":"","format":"standard","meta":{"site-sidebar-layout":"default","site-content-layout":"default","ast-site-content-layout":"default","site-content-style":"default","site-sidebar-style":"default","ast-global-header-display":"","ast-banner-title-visibility":"","ast-main-header-display":"","ast-hfb-above-header-display":"","ast-hfb-below-header-display":"","ast-hfb-mobile-header-display":"","site-post-title":"","ast-breadcrumbs-content":"","ast-featured-img":"","footer-sml-layout":"","ast-disable-related-posts":"","theme-transparent-header-meta":"default","adv-header-id-meta":"","stick-header-meta":"","header-above-stick-meta":"","header-main-stick-meta":"","header-below-stick-meta":"","astra-migrate-meta-layouts":"default","ast-page-background-enabled":"default","ast-page-background-meta":{"desktop":{"background-color":"","background-image":"","background-repeat":"repeat","background-position":"center center","background-size":"auto","background-attachment":"scroll","background-type":"","background-media":"","overlay-type":"","overlay-color":"","overlay-opacity":"","overlay-gradient":""},"tablet":{"background-color":"","background-image":"","background-repeat":"repeat","background-position":"center center","background-size":"auto","background-attachment":"scroll","background-type":"","background-media":"","overlay-type":"","overlay-color":"","overlay-opacity":"","overlay-gradient":""},"mobile":{"background-color":"","background-image":"","background-repeat":"repeat","background-position":"center center","background-size":"auto","background-attachment":"scroll","background-type":"","background-media":"","overlay-type":"","overlay-color":"","overlay-opacity":"","overlay-gradient":""}},"ast-content-background-meta":{"desktop":{"background-color":"var(--ast-global-color-5)","background-image":"","background-repeat":"repeat","background-position":"center center","background-size":"auto","background-attachment":"scroll","background-type":"","background-media":"","overlay-type":"","overlay-color":"","overlay-opacity":"","overlay-gradient":""},"tablet":{"background-color":"var(--ast-global-color-5)","background-image":"","background-repeat":"repeat","background-position":"center center","background-size":"auto","background-attachment":"scroll","background-type":"","background-media":"","overlay-type":"","overlay-color":"","overlay-opacity":"","overlay-gradient":""},"mobile":{"background-color":"var(--ast-global-color-5)","background-image":"","background-repeat":"repeat","background-position":"center center","background-size":"auto","background-attachment":"scroll","background-type":"","background-media":"","overlay-type":"","overlay-color":"","overlay-opacity":"","overlay-gradient":""}},"episode_type":"","audio_file":"","podmotor_file_id":"","podmotor_episode_id":"","cover_image":"","cover_image_id":"","duration":"","filesize":"","filesize_raw":"","date_recorded":"","explicit":"","block":"","itunes_episode_number":"","itunes_title":"","itunes_season_number":"","itunes_episode_type":"","footnotes":""},"categories":[23,21,22],"tags":[],"class_list":["post-849","post","type-post","status-publish","format-standard","has-post-thumbnail","hentry","category-entretenimiento","category-musica","category-rock"],"_links":{"self":[{"href":"https:\/\/alterna.live\/en\/wp-json\/wp\/v2\/posts\/849","targetHints":{"allow":["GET"]}}],"collection":[{"href":"https:\/\/alterna.live\/en\/wp-json\/wp\/v2\/posts"}],"about":[{"href":"https:\/\/alterna.live\/en\/wp-json\/wp\/v2\/types\/post"}],"author":[{"embeddable":true,"href":"https:\/\/alterna.live\/en\/wp-json\/wp\/v2\/users\/1"}],"replies":[{"embeddable":true,"href":"https:\/\/alterna.live\/en\/wp-json\/wp\/v2\/comments?post=849"}],"version-history":[{"count":1,"href":"https:\/\/alterna.live\/en\/wp-json\/wp\/v2\/posts\/849\/revisions"}],"predecessor-version":[{"id":852,"href":"https:\/\/alterna.live\/en\/wp-json\/wp\/v2\/posts\/849\/revisions\/852"}],"wp:featuredmedia":[{"embeddable":true,"href":"https:\/\/alterna.live\/en\/wp-json\/wp\/v2\/media\/851"}],"wp:attachment":[{"href":"https:\/\/alterna.live\/en\/wp-json\/wp\/v2\/media?parent=849"}],"wp:term":[{"taxonomy":"category","embeddable":true,"href":"https:\/\/alterna.live\/en\/wp-json\/wp\/v2\/categories?post=849"},{"taxonomy":"post_tag","embeddable":true,"href":"https:\/\/alterna.live\/en\/wp-json\/wp\/v2\/tags?post=849"}],"curies":[{"name":"wp","href":"https:\/\/api.w.org\/{rel}","templated":true}]}}